{"id":201874,"date":"2026-04-24T13:32:57","date_gmt":"2026-04-24T13:32:57","guid":{"rendered":"https:\/\/user-83991389-work.colibriwp.com\/comprardiplomaonline\/?p=201874"},"modified":"2026-03-06T06:33:51","modified_gmt":"2026-03-06T06:33:51","slug":"mazowsze-w-olsztynie-29-09-2024-bilety-2","status":"publish","type":"post","link":"https:\/\/user-83991389-work.colibriwp.com\/comprardiplomaonline\/mazowsze-w-olsztynie-29-09-2024-bilety-2\/","title":{"rendered":"Mazowsze w Olsztynie 29 09.2024 bilety"},"content":{"rendered":"<div id=\"toc\" style=\"background: #f9f9f9;border: 1px solid #aaa;display: table;margin-bottom: 1em;padding: 1em;width: 350px;\">\n<p class=\"toctitle\" style=\"font-weight: 700;text-align: center;\">Content<\/p>\n<ul class=\"toc_list\">\n<li><a href=\"#toc-0\">Jesienne wieczory muzyczne w per\u0142ach mazowieckiej architektury.<\/a><\/li>\n<li><a href=\"#toc-1\">Formularz zg\u0142oszenia szko\u0142y do projektu<\/a><\/li>\n<li><a href=\"#toc-2\">Ankieta dotycz\u0105ca inicjatywy skupiaj\u0105cej producent\u00f3w \u017cywno\u015bci wyprodukowanej na Mazowszu<\/a><\/li>\n<li><a href=\"#toc-3\">Up\u0142ywa termin zg\u0142osze\u0144 do Konkursu o Laur Marsza\u0142ka Wojew\u00f3dztwa Mazowieckiego<\/a><\/li>\n<\/ul>\n<\/div>\n<p>Warto wybra\u0107 si\u0119 tam na spacery, zw\u0142aszcza \u015bcie\u017ck\u0105 edukacyjno-przyrodnicz\u0105 prezentuj\u0105c\u0105 faun\u0119 i flor\u0119 doliny Pilicy.Muzeum zaprasza r\u00f3wnie\u017c do Caf\u00e9 Savannah, gdzie mo\u017cna skosztowa\u0107 pysznych domowych ciast, aromatycznych kaw i wyj\u0105tkowych smakowych herbat.3 maja wst\u0119p bezp\u0142atny. Od 2019 roku pe\u0142ni funkcj\u0119 zast\u0119pcy koncertmistrza w Teatrze Pa\u0144stwowym w Oldenburgu.Pocz\u0105tek koncertu o godz. Na dziedzi\u0144cu Zamku Ksi\u0105\u017c\u0105t Mazowieckich artystka wykona wybrane dzie\u0142a Fryderyka Chopina, po raz pierwszy opracowane w formie utwor\u00f3w symfonicznych i w wersji piosenek \u2013 ze specjalnie do nich napisanymi tekstami. Ostatnie wej\u015bcie odbywa si\u0119 30 minut przed zamkni\u0119ciem obiekt\u00f3w.Szczeg\u00f3\u0142owy program mo\u017cna znale\u017a\u0107 na stronie \u0141azienek Kr\u00f3lewskich.<\/p>\n<h2 id=\"toc-0\">Jesienne wieczory muzyczne w per\u0142ach mazowieckiej architektury.<\/h2>\n<p>Starosta liwski Marcin Oborski broni\u0142 na sejmach za Jana Kazimierza interes\u00f3w stronnictwa francuskiego, pot\u0119piaj\u0105c opozycj\u0119. Reprezentanci wielu mazowieckich rod\u00f3w, jak Oborscy, Wesselowie czy Krasi\u0144scy, byli nierzadko gorliwymi regalistami. Cz\u0119sto determinowa\u0142o to zachowanie szlachty mazowieckiej, kt\u00f3rej w naturalny spos\u00f3b zale\u017ca\u0142o na protekcji w\u0142adcy. Potrafili oni wywiera\u0107 wp\u0142yw na \u017cycie polityczne pa\u0144stwa, pe\u0142ni\u0105c niekiedy urz\u0119dy ministerialne. W momencie wyga\u015bni\u0119cia mazowieckich Piast\u00f3w, pojawi\u0142 si\u0119 w Krakowie pomys\u0142, aby na tronie ksi\u0119stwa osadzi\u0107 Zygmunta Augusta. W praktyce coraz szerzej by\u0142y stosowane prawa og\u00f3lnopolskie, uchwalane przy wsp\u00f3\u0142udziale <a href=\"https:\/\/www.mazowszewkoronie.pl\/\">www.mazowszewkoronie.pl<\/a> szlachty mazowieckiej.<\/p>\n<h3 id=\"toc-1\">Formularz zg\u0142oszenia szko\u0142y do projektu<\/h3>\n<ul>\n<li>Trwaj\u0105ce z regu\u0142y dwie godziny widowisko stanowi wyb\u00f3r pie\u015bni i ta\u0144c\u00f3w pochodz\u0105cych z r\u00f3\u017cnych zak\u0105tk\u00f3w Polski, kt\u00f3re prezentuj\u0105 folklor wsi i miasteczek.<\/li>\n<li>Na 80 planszach ukazano dzieje Mazowsza, jego w\u0142adc\u00f3w, proces inkorporacji oraz 15 historycznych ziem mazowieckich.<\/li>\n<li>Na ruinach Warszawy przyrzekli sobie, \u017ce je\u015bli uda im si\u0119 prze\u017cy\u0107, za\u0142o\u017c\u0105 zesp\u00f3\u0142.<\/li>\n<li>Przypisywano mu awanturniczy tryb \u017cycia, a tak\u017ce dbanie o partykularne interesy Mazowsza.<\/li>\n<li>Ciechan Quest \u2013 rodzinny quiz plenerowyCiech-Quest to gra terenowa adresowana do rodzin z dzie\u0107mi.<\/li>\n<\/ul>\n<p>W swoich tekstach na temat schy\u0142ku Ksi\u0119stwa Mazowieckiego przedstawi\u0142a barwny obraz inkorporacji ksi\u0105\u017c\u0119cego Mazowsza i jego wzrostu w granicach Rzeczypospolitej. \u2013 Je\u015bli ciekawi Pa\u0144stwa, jak wygl\u0105da\u0142a sytuacja w przededniu inkorporacji Mazowsza do Korony, jak przebiega\u0142y negocjacje, jakie emocje towarzyszy\u0142y szlachcie i kr\u00f3lowi, to warto koniecznie przeczyta\u0107 tekst \u201eInkorporacja Mazowsza do Korony\u201d autorstwa prof. Ireny Gieysztorowej. Prosimy o zachowanie szczeg\u00f3lnej ostro\u017cno\u015bci przy pokonywaniu sprinterskiej cz\u0119\u015bci trasy (dawne tereny wojskowe). Fragment sprinterski b\u0119dzie na nowej mapie z 2022 roku. Dodatkow\u0105 atrakcj\u0105 b\u0119dzie zmiana skali mapy na sprintersk\u0105, po pokonaniu oko\u0142o 2\/3 dystansu!<\/p>\n<h3 id=\"toc-2\">Ankieta dotycz\u0105ca inicjatywy skupiaj\u0105cej producent\u00f3w \u017cywno\u015bci wyprodukowanej na Mazowszu<\/h3>\n<p>Od 29 marca do 5 kwietnia, tradycyjnie w okresie Wielkiego Tygodnia i Wielkanocy, Miasto Krak\u00f3w i Krakowskie Biuro Festiwalowe zapraszaj\u0105 na Misteria Paschalia \u2013 jeden z najwa\u017cniejszych europejskich festiwali muzyki dawnej pod dyrekcj\u0105 artystyczn\u0105 Vincenta Dumestre\u2019a. Koncert jest podr\u00f3\u017c\u0105 po \u015bwiecie polskiej muzyki ludowej i klasycznej od epoki \u015bredniowiecza do wsp\u00f3\u0142czesno\u015bci. Przed\u00a0ponad pi\u0119tna\u015bcie lat realizacji tego projektu mieli\u015bmy zaszczyt go\u015bci\u0107 wielu wybitnych solist\u00f3w oraz\u00a0czo\u0142owe polskie zespo\u0142y muzyki dawnej, znamienite orkiestry, ch\u00f3ry i\u00a0zespo\u0142y kameralne.<\/p>\n<h2 id=\"toc-3\">Up\u0142ywa termin zg\u0142osze\u0144 do Konkursu o Laur Marsza\u0142ka Wojew\u00f3dztwa Mazowieckiego<\/h2>\n<p>Zamki kr\u00f3lewskie, w kt\u00f3rych urz\u0119dowali (tak\u017ce sezonowo) w\u0142adcy po inkorporacji, znajdowa\u0142y si\u0119 w Warszawie, P\u0142ocku, Czersku. Odst\u0105piono od prawa lokalnego i przyj\u0119to prawo polskie potwierdzone przez Batorego w 1577 r. 24 grudnia 1529 sejm walny w Piotrkowie og\u0142osi\u0142 inkorporacj\u0119 Mazowsza do Kr\u00f3lestwa Polskiego. Mazowsze zosta\u0142o podzielone pomi\u0119dzy Siemowita IV i Janusza I Starszego, kt\u00f3ry znacznie rozwin\u0105\u0142 gospodarczo swoj\u0105 dzielnic\u0119, zak\u0142adaj\u0105c na prawie che\u0142mi\u0144skim 24 miasta i przenosz\u0105c stolic\u0119 swojego ksi\u0119stwa z Czerska do Warszawy. Taki ho\u0142d z ca\u0142ego Mazowsza z\u0142o\u017cy\u0142 kr\u00f3lowi polskiemu Siemowit III w zamian za co otrzyma\u0142 z powrotem P\u0142ock i Zapilicze.<\/p>\n<p>Warsztaty przygotowane z my\u015bl\u0105 o dzieciach &#8211; literackie, budowania ksi\u0105\u017cki, translatorskie, muzyczne, taneczne, plastyczne, teatralne czy kulinarne, a tak\u017ce pokazy hiszpa\u0144skich, animowanych film\u00f3w oraz spotkanie z grafikiem i ilustratorem Edwardem Lutczynem. Wojew\u00f3dztwo mazowieckie, jak co roku, w\u0142\u0105cza si\u0119 w obchody \u015bwiatowego Dnia Ziemi, kt\u00f3re w tym roku zorganizowano pod has\u0142em \u201eLas ca\u0142kiem blisko nas\u201d \u2013 fina\u0142owy piknik, z licznymi atrakcjami, odb\u0119dzie si\u0119 8 maja na Polu Mokotowskim w Warszawie. 1 maja Muzeum Wsi Mazowieckiej w Sierpcu zaplanowa\u0142o \u201eGotowanie na polanie\u201d &#8211; imprez\u0119 plenerow\u0105 popularyzuj\u0105c\u0105 tradycje kulinarne Mazowsza, kt\u00f3rej g\u0142\u00f3wnym punktem b\u0119dzie konkurs kulinarny na najsmaczniejsz\u0105 potraw\u0119 regionaln\u0105. Plac\u00f3wki kultury, muzea, lokalne organizacje turystyczne, przedstawiciele turystyki oraz producenci \u017cywno\u015bci tradycyjnej. 16 kwietnia zapraszam na dziedziniec Wy\u017cszej Szko\u0142y Ekonomicznej Almaner w Warszawie, gdzie najciekawsze atrakcje regionu zaprezentuj\u0105 m.in.<\/p>\n<p>Ko\u015bci\u00f3\u0142 parafialny w Skrzeszewie pochodzi z pierwszej po\u0142owy XVIII wieku. Marcin Bornus-Szczyci\u0144ski \u2013 s\u0142owo o muzyce \u015apiewak\u00f3w zespo\u0142u Bornus Consort oraz wn\u0119trze \u015bwi\u0105tyni skrzeszewskiej o\u015bwietli blask kilkuset \u015bwiec.<\/p>\n<p>Potencja\u0142 kulinarny regionu prezentowa\u0142o r\u00f3wnie\u017c wojew\u00f3dztwo mazowieckie. W przypadku wolnych miejsc dopuszczamy mo\u017cliwo\u015b\u0107 udzia\u0142u wi\u0119kszej liczby os\u00f3b z jednego KGW lub udzia\u0142 os\u00f3b z innych stowarzysze\u0144 zainteresowanych rozwojem produktu lokalnego. Podczas realizacji wizyty b\u0119dzie mo\u017cliwo\u015b\u0107 prowadzenia dyskusji i dzielenia si\u0119 wiedz\u0105 i do\u015bwiadczeniami ze zrealizowanych przedsi\u0119wzi\u0119\u0107 i podejmowanych inicjatyw, ze szczeg\u00f3lnym uwzgl\u0119dnieniem projekt\u00f3w stymuluj\u0105cych lokalny rozw\u00f3j, promuj\u0105cych lokalne produkty oraz partnersk\u0105 wsp\u00f3\u0142prac\u0119. Podczas wizyty uczestnicy poznaj\u0105 nowe rozwi\u0105zania i wzorce przy projektowaniu i wdra\u017caniu lokalnych inicjatyw poprzez odwiedzane KGW, wymieni\u0105 si\u0119 wiedz\u0105 i do\u015bwiadczeniem w zakresie identyfikacji, podnoszenia jako\u015bci, promocji i budowania marki produkt\u00f3w lokalnych oraz wykorzystania zasob\u00f3w lokalnych.<\/p>\n<p>Wspominaj\u0105 o kaszte\u00adlanii w Nowogrodzie, nie okre\u015blaj\u0105 jednak czasu jej utworzenia. Miasto rozwin\u0119\u0142o si\u0119 z targu na pod\u00adgrodziu. Miasto rozwin\u0119\u0142o si\u0119 z targu w puszczy. Mias\u00adta te rozwin\u0119\u0142y si\u0119 z targ\u00f3w na podgrodziu (\u0141om\u017ca, Nowogr\u00f3d), z targ\u00f3w w pusz\u00adczy (Kolno), z targ\u00f3w na pograniczu dw\u00f3ch terytori\u00f3w gospodarczych (Zambr\u00f3w, Ostro\u0142\u0119ka).<\/p>\n<p>Niezapomniane do\u015bwiadczenia dla ca\u0142ej rodziny! I mn\u00f3stwo innych atrakcji, m.in. OTWARCIE SEZONU2024Julinek Park to jeden z najwi\u0119kszych w Polsce park\u00f3w atrakcji dla rodzin stworzony na terenie dawnej bazy cyrkowej \u2013 posiada dwie ca\u0142oroczne areny! Ziemniaki czy topinambur zmieni\u0142y kuchni\u0119 Mazowsza. Wie\u017ce ko\u015bcio\u0142a obronnego w Brochowie \u2013 miejscu chrztu Fryderyka Chopina.<\/p>\n","protected":false},"excerpt":{"rendered":"<p>Content Jesienne wieczory muzyczne w per\u0142ach mazowieckiej architektury. Formularz zg\u0142oszenia szko\u0142y do projektu Ankieta dotycz\u0105ca inicjatywy skupiaj\u0105cej producent\u00f3w \u017cywno\u015bci wyprodukowanej na Mazowszu Up\u0142ywa termin zg\u0142osze\u0144 do Konkursu o Laur Marsza\u0142ka Wojew\u00f3dztwa Mazowieckiego Warto wybra\u0107 si\u0119 tam na spacery, zw\u0142aszcza \u015bcie\u017ck\u0105 edukacyjno-przyrodnicz\u0105 prezentuj\u0105c\u0105 faun\u0119 i flor\u0119 doliny Pilicy.Muzeum zaprasza r\u00f3wnie\u017c do Caf\u00e9 Savannah, gdzie mo\u017cna skosztowa\u0107 [&hellip;]<\/p>\n","protected":false},"author":2,"featured_media":0,"comment_status":"open","ping_status":"open","sticky":false,"template":"","format":"standard","meta":{"footnotes":""},"categories":[5446],"tags":[],"_links":{"self":[{"href":"https:\/\/user-83991389-work.colibriwp.com\/comprardiplomaonline\/wp-json\/wp\/v2\/posts\/201874"}],"collection":[{"href":"https:\/\/user-83991389-work.colibriwp.com\/comprardiplomaonline\/wp-json\/wp\/v2\/posts"}],"about":[{"href":"https:\/\/user-83991389-work.colibriwp.com\/comprardiplomaonline\/wp-json\/wp\/v2\/types\/post"}],"author":[{"embeddable":true,"href":"https:\/\/user-83991389-work.colibriwp.com\/comprardiplomaonline\/wp-json\/wp\/v2\/users\/2"}],"replies":[{"embeddable":true,"href":"https:\/\/user-83991389-work.colibriwp.com\/comprardiplomaonline\/wp-json\/wp\/v2\/comments?post=201874"}],"version-history":[{"count":1,"href":"https:\/\/user-83991389-work.colibriwp.com\/comprardiplomaonline\/wp-json\/wp\/v2\/posts\/201874\/revisions"}],"predecessor-version":[{"id":201875,"href":"https:\/\/user-83991389-work.colibriwp.com\/comprardiplomaonline\/wp-json\/wp\/v2\/posts\/201874\/revisions\/201875"}],"wp:attachment":[{"href":"https:\/\/user-83991389-work.colibriwp.com\/comprardiplomaonline\/wp-json\/wp\/v2\/media?parent=201874"}],"wp:term":[{"taxonomy":"category","embeddable":true,"href":"https:\/\/user-83991389-work.colibriwp.com\/comprardiplomaonline\/wp-json\/wp\/v2\/categories?post=201874"},{"taxonomy":"post_tag","embeddable":true,"href":"https:\/\/user-83991389-work.colibriwp.com\/comprardiplomaonline\/wp-json\/wp\/v2\/tags?post=201874"}],"curies":[{"name":"wp","href":"https:\/\/api.w.org\/{rel}","templated":true}]}}