{"id":48191,"date":"2025-12-21T21:22:26","date_gmt":"2025-12-21T21:22:26","guid":{"rendered":"https:\/\/user-83991389-work.colibriwp.com\/comprardiplomaonline\/?p=48191"},"modified":"2025-12-21T23:07:22","modified_gmt":"2025-12-21T23:07:22","slug":"wonaco-1-yeni-kampanyalar-3","status":"publish","type":"post","link":"https:\/\/user-83991389-work.colibriwp.com\/comprardiplomaonline\/wonaco-1-yeni-kampanyalar-3\/","title":{"rendered":"Wonaco 1: yeni kampanyalar"},"content":{"rendered":"<h1>Wonaco 1: yeni kampanyalar  <\/h1>\n<p>Fenerbah\u00e7e, 2016&#8217;de CSKA Moskova&#8217;ya, 2018&#8217;de ise Real Madrid&#8217;e kaybetmi\u015fti. Fenerbah\u00e7e ile Monaco aras\u0131ndaki r\u00f6van\u015f ma\u00e7\u0131 3 A\u011fustos&#8217;ta Monaco&#8217;da oynanacak. Sar\u0131-lacivertli tak\u0131m r\u00f6van\u015fta kazanmas\u0131 veya berabere kalmas\u0131 durumunda ad\u0131n\u0131 play-off turuna yazd\u0131racak. Fenerbah\u00e7e, 2 veya \u00fczeri gol at\u0131p tek farkl\u0131 kaybetmesi durumunda da tur biletini kapacak. 8&#8217;de Neustadter kafay\u0131 vurdu, De Sanctis \u00e7ok iyi uzand\u0131 ve topu kornere g\u00f6nderdi. Dakikada De Sanctis sakatlanarak oyundan \u00e7\u0131kt\u0131 ve yerine Badiashile girdi.<\/p>\n<p>Dakikada Vangelis Pavlidis&#8217;in penalt\u0131 gol\u00fcyle durumu 2-2&#8217;ye getirdi. Dakikas\u0131nda, Vangelis Pavlidis&#8217;in sol kanattan yapt\u0131\u011f\u0131 ortay\u0131 iyi de\u011ferlendiren Kerem Akt\u00fcrko\u011flu, arka direkte topu a\u011flarla bulu\u015fturarak Benfica&#8217;y\u0131 1-0 \u00f6ne ge\u00e7irdi. Bu gol, Kerem&#8217;in \u015eampiyonlar Ligi&#8217;ndeki 4. Gol\u00fc olarak kay\u0131tlara ge\u00e7ti. Kupay\u0131 2017&#8217;de \u0130stanbul&#8217;daki D\u00f6rtl\u00fc Final&#8217;de m\u00fczesine g\u00f6t\u00fcren Fenerbah\u00e7e Beko, 8 y\u0131l sonra ikinci Avrupa zaferini ya\u015famak istiyor. Kez D\u00f6rtl\u00fc Final tecr\u00fcbesi ya\u015fayan sar\u0131-lacivertliler, 2017&#8217;nin d\u0131\u015f\u0131nda 2016 ve 2018&#8217;de de final oynad\u0131.<\/p>\n<p>Kar\u015f\u0131la\u015fmada 2-1 geri d\u00fc\u015fen Benfica, 58. Dakikada iki de\u011fi\u015fiklik birden yaparken Kerem Akt\u00fcrko\u011flu ve Andreas Schjelderup&#8217;un yerine Zeki Amdouni ve Samuel Dahl oyuna dahil oldular. Sar\u0131-lacivertliler, rakibini yenerse T\u00fcrk basketbolu Avrupa Ligi&#8217;nde 4&#8217;\u00fcnc\u00fc, toplamda ise 17&#8217;nci zaferini ya\u015fayacak.<\/p>\n<p>M\u00fcsabakay\u0131 Fenerbah\u00e7e Can Bartu Tesisleri&#8217;nde izleyen Pereira&#8217;n\u0131n yerine tak\u0131m\u0131n ba\u015f\u0131nda yard\u0131mc\u0131 antren\u00f6r Filipe Almeida \u00e7\u0131kt\u0131. Ligi ekibi Monaco ile kar\u015f\u0131la\u015fan Fenerbah\u00e7e, 62 g\u00fcn sonra resmi ma\u00e7a \u00e7\u0131kt\u0131. Geride kalan sezonu Spor Toto S\u00fcper Lig&#8217;de 2. S\u0131rada tamamlayarak UEFA \u015eampiyonlar Ligi&#8217;nde \u00f6n eleme turu oynamaya hak kazanan sar\u0131-lacivertliler, Monaco kar\u015f\u0131s\u0131na bu sezonki ilk resmi m\u00fccadelesini verdi.<\/p>\n<p>Son iki sezonu \u0130talya&#8217;n\u0131n Roma tak\u0131m\u0131n kiral\u0131k ge\u00e7iren Salih, en son 9 May\u0131s 2014&#8217;te S\u00fcper Lig&#8217;de Kardemir Karab\u00fckspor ma\u00e7\u0131nda Fenerbah\u00e7e formas\u0131yla sahaya \u00e7\u0131km\u0131\u015ft\u0131. Fenerbah\u00e7e&#8217;nin 26 ya\u015f\u0131ndaki kalecisi Ertu\u011frul Ta\u015fk\u0131ran, kariyerindeki ilk Avrupa kupas\u0131 ma\u00e7\u0131n\u0131 oynad\u0131. Ertu\u011frul, ge\u00e7en sezon sadece 3 T\u00fcrkiye Kupas\u0131 ma\u00e7\u0131nda Fenerbah\u00e7e kalesini korumu\u015ftu.<\/p>\n<p>Kar\u015f\u0131la\u015fmay\u0131 izleyen Fenerbah\u00e7eli taraftarlar, Fetullah\u00e7\u0131 Ter\u00f6r \u00d6rg\u00fct\u00fc&#8217;n\u00fcn (FET\u00d6) darbe giri\u015fimine tepki g\u00f6sterdi. Taraftarlar trib\u00fcnde, \u00fczerinde &#8220;Game Over Feto (Oyun bitti Feto)&#8221; yaz\u0131l\u0131 pankart a\u00e7t\u0131. Bu golden sadece 3 dakika sonra Fenerbah\u00e7e savunmas\u0131nda ya\u015fanan inan\u0131lmaz hata sonras\u0131 Falcao durumu 1-1&#8217;e getirdi.<\/p>\n<p>Monaco&#8217;nun \u0130talyan kaleci Morgan De Sanctis, sakatl\u0131\u011f\u0131 sebebiyle 13. Dakikada topu a\u011flarla bulu\u015fturdu\u011fu ancak faul gerek\u00e7esiyle say\u0131lmayan gol\u00fcn oldu\u011fu pozisyonda sakatlanan 39 ya\u015f\u0131ndaki \u0130talyan file bek\u00e7isi, 13. Dakikada yerini Loic Badiashile&#8217;ye b\u0131rakt\u0131. Tak\u0131m\u0131n ilk kalecisi Danijel Subasic&#8217;in sakatl\u0131\u011f\u0131 nedeniyle forma giyen De Sanctis&#8217;in de ma\u00e7a devam edememesiyle Monaco kalesini 18 ya\u015f\u0131ndaki Badishile korudu. Fenerbah\u00e7e&#8217;de, Monaco kar\u015f\u0131la\u015fmas\u0131 \u00f6ncesi sakatl\u0131klar\u0131 ve cezalar\u0131 nedeniyle 6 futbolcu forma giyemedi. Fenerbah\u00e7e&#8217;nin Sivasspor&#8217;dan kadrosuna katt\u0131\u011f\u0131 Aat\u0131f Chahechouhe, sar\u0131-lacivertli formayla ilk resmi ma\u00e7\u0131na \u00e7\u0131kt\u0131.<\/p>\n<p>Kalan b\u00f6l\u00fcmde ba\u015fka gol olmad\u0131 ve m\u00fccadele 3-3&#8217;l\u00fck e\u015fitlikle sona erdi. Dakikada Benfica&#8217;da gollerin sahiplerinden Orkun K\u00f6k\u00e7\u00fc ve Vangelis Pavlidis oyundan \u00e7\u0131karlarken Joao Rego ve Andrea Belotti, oyuna dahil oldular. Kar\u015f\u0131la\u015fman\u0131n ilk yar\u0131s\u0131 1-1&#8217;lik e\u015fitlikle sona erdi.<\/p>\n<h2>wonaco 1<\/h2>\n<ul>\n<li>Dakikas\u0131nda, Vangelis Pavlidis&#8217;in sol kanattan yapt\u0131\u011f\u0131 ortay\u0131 iyi de\u011ferlendiren Kerem Akt\u00fcrko\u011flu, arka direkte topu a\u011flarla bulu\u015fturarak Benfica&#8217;y\u0131 1-0 \u00f6ne ge\u00e7irdi.<\/li>\n<li>Son olarak 7 Kas\u0131m 1973&#8217;te Nice&#8217;i \u0130stanbul&#8217;da 2-0 yenen sar\u0131-lacivertliler, daha sonra Frans\u0131z ekipleriyle seyircisi \u00f6n\u00fcnde oynad\u0131\u011f\u0131 6 ma\u00e7\u0131 da galip bitirememi\u015fti.<\/li>\n<li>Sar\u0131-lacivertlilerin di\u011fer yeni oyuncular\u0131ndan \u0130smail K\u00f6yba\u015f\u0131 sakatl\u0131\u011f\u0131ndan dolay\u0131 kadroda yer almazken, Aat\u0131f Chahechouhe ise yedek kul\u00fcbesinde \u015fans bekledi.<\/li>\n<li>Panathinaikos kar\u015f\u0131s\u0131nda elde etti\u011fi kritik galibiyetle finale y\u00fckselen sar\u0131 lacivertli ekip, Abu Dabi\u2019de oynanacak dev finalde Frans\u0131z temsilcisi Monaco\u2019ya kar\u015f\u0131 parkede olacak.<\/li>\n<li>Monaco&#8217;nun \u0130talyan kaleci Morgan De Sanctis, sakatl\u0131\u011f\u0131 sebebiyle 13.<\/li>\n<li>Dakikada Fenerbah\u00e7e, Salih U\u00e7an ile gole \u00e7ok yakla\u015ft\u0131.<\/li>\n<li>Kar\u015f\u0131la\u015fmaya Etihad Arena ev sahipli\u011fi yapacak.<\/li>\n<li>Fenerbah\u00e7e Beko, EuroLeague&#8217;de tarih yazmaya haz\u0131rlan\u0131yor.<\/li>\n<li>Lig ekibi Monaco&#8217;yu 2-1 yenerek, tur i\u00e7in avantaj yakalad\u0131.<\/li>\n<li>Sar\u0131-lacivertli tak\u0131m r\u00f6van\u015fta kazanmas\u0131 veya berabere kalmas\u0131 durumunda ad\u0131n\u0131 play-off turuna yazd\u0131racak.<\/li>\n<li>Dakikada topu a\u011flarla bulu\u015fturdu\u011fu ancak faul gerek\u00e7esiyle say\u0131lmayan gol\u00fcn oldu\u011fu pozisyonda sakatlanan 39 ya\u015f\u0131ndaki \u0130talyan file bek\u00e7isi, 13.<\/li>\n<li>Fenerbah\u00e7e, 2016&#8217;de CSKA Moskova&#8217;ya, 2018&#8217;de ise Real Madrid&#8217;e kaybetmi\u015fti.<\/li>\n<\/ul>\n<p>Ma\u00e7a \u00e7ok h\u0131zl\u0131 ba\u015flayan Fenerbah\u00e7e&#8217;de hen\u00fcz ilk dakikada Monaco yar\u0131 alan\u0131nda pres yapan Salih U\u00e7an topu \u00e7ald\u0131 ve ard\u0131ndan sol aya\u011f\u0131yla nefis vurdu ancak yan direkte patlayan top auta gitti. T\u00fcrkiye&#8217;den ve D\u00fcnya\u2019dan son dakika spor haberleri, k\u00f6\u015fe yaz\u0131lar\u0131ndan spor ve ma\u00e7 yorumlar\u0131, spor magazin haberleri, spor ile ilgili b\u00fct\u00fcn konular\u0131n tek adresi fanatik.com.tr. Haber i\u00e7eriklerinden kaynak g\u00f6sterilmeden al\u0131nt\u0131 yap\u0131lamaz, kanuna ayk\u0131r\u0131 ve izinsiz olarak kopyalanamaz, ba\u015fka yerde yay\u0131nlanamaz.<\/p>\n<p>Bu oyuncunun ceza sahas\u0131na ortalad\u0131\u011f\u0131 topa alt\u0131pas \u00f6n\u00fcnde y\u00fckselen Neustadler kafayla vurdu ancak kaleci De Sanctis soluna gelen me\u015fin yuvarla\u011f\u0131 u\u00e7arak \u00e7\u0131kard\u0131. Fenerbah\u00e7e Beko, EuroLeague&#8217;de tarih yazmaya haz\u0131rlan\u0131yor. Panathinaikos kar\u015f\u0131s\u0131nda elde etti\u011fi kritik galibiyetle finale y\u00fckselen sar\u0131 lacivertli ekip, Abu Dabi\u2019de oynanacak dev finalde Frans\u0131z temsilcisi Monaco\u2019ya kar\u015f\u0131 parkede olacak. Basketbol tutkunlar\u0131, bu b\u00fcy\u00fck kar\u015f\u0131la\u015fmay\u0131 canl\u0131 izlemek i\u00e7in geri say\u0131ma ba\u015flad\u0131. Fenerbah\u00e7e Kul\u00fcb\u00fc&#8217;n\u00fcn, Fransa&#8217;da 3 A\u011fustos&#8217;ta oynanacak r\u00f6van\u015f ma\u00e7\u0131na sar\u0131-lacivertli taraftarlar\u0131n al\u0131nmas\u0131 i\u00e7in Monaco Prensli\u011fi&#8217;ne yapt\u0131\u011f\u0131 ba\u015fvuruya olumsuz yan\u0131t verildi. Sar\u0131-lacivertli kul\u00fcpten yap\u0131lan a\u00e7\u0131klamada, konuyla ilgili Monaco Prensli\u011fi \u0130\u00e7i\u015fleri Bakanl\u0131\u011f\u0131 Dan\u0131\u015fman\u0131&#8217;n\u0131n imzas\u0131yla Monaco Genel Direkt\u00f6rl\u00fc\u011f\u00fc&#8217;ne yaz\u0131 g\u00f6nderildi\u011fi belirtildi.<\/p>\n<ul>\n<li>Sar\u0131-lacivertlilerde Braga ma\u00e7\u0131nda g\u00f6rd\u00fc\u011f\u00fc k\u0131rm\u0131z\u0131 kart nedeniyle 3 ma\u00e7 ceza alan Alper Potuk, cezas\u0131n\u0131n ilkini Monaco kar\u015f\u0131s\u0131nda oynamayarak \u00e7ekti.<\/li>\n<li>Sar\u0131-lacivertlilerin Portekizli teknik direkt\u00f6r\u00fc Pereira, cezas\u0131 nedeniyle Monaco kar\u015f\u0131s\u0131nda tak\u0131m\u0131n ba\u015f\u0131nda sahaya \u00e7\u0131kamad\u0131.<\/li>\n<li>S\u0131rada tamamlayarak UEFA \u015eampiyonlar Ligi&#8217;nde \u00f6n eleme turu oynamaya hak kazanan sar\u0131-lacivertliler, Monaco kar\u015f\u0131s\u0131na bu sezonki ilk resmi m\u00fccadelesini verdi.<\/li>\n<li>Sol kanattan Hasan Ali&#8217;nin ortas\u0131nda bombo\u015f durumda \u00e7ok k\u00f6t\u00fc bir kafa vuru\u015fu yapan Nijeryal\u0131 tak\u0131m\u0131n\u0131 \u00f6ne ge\u00e7irme \u015fans\u0131n\u0131 de\u011ferlendiremedi.<\/li>\n<li>Kar\u015f\u0131la\u015fman\u0131n ilk yar\u0131s\u0131 1-1&#8217;lik e\u015fitlikle sona erdi.<\/li>\n<li>Dakikada Benfica&#8217;da gollerin sahiplerinden Orkun K\u00f6k\u00e7\u00fc ve Vangelis Pavlidis oyundan \u00e7\u0131karlarken Joao Rego ve Andrea Belotti, oyuna dahil oldular.<\/li>\n<li>58&#8217;de Kerem Akt\u00fcrko\u011flu kenara gelirken 76.<\/li>\n<li>H\u0131zl\u0131 geli\u015fen Fenerbah\u00e7e ata\u011f\u0131nda sol kanatta topla bulu\u015fan Hasan Ali Kald\u0131r\u0131m, bekletmeden ortas\u0131n\u0131 yapt\u0131.<\/li>\n<li>\u00dclker Stad\u0131&#8217;nda oynanan ma\u00e7ta trib\u00fcnlerin \u00e7ok b\u00fcy\u00fck k\u0131sm\u0131 bo\u015f kald\u0131.<\/li>\n<li>Dakikada Eliesse Ben Seghir, Frans\u0131z ekibini 2-1&#8217;lik \u00fcst\u00fcnl\u00fc\u011fe ta\u015f\u0131d\u0131.<\/li>\n<li>Ceza alan\u0131 i\u00e7inde savunman\u0131n uzakla\u015ft\u0131ramad\u0131\u011f\u0131 me\u015fin yuvarlak Fabinho&#8217;nun \u00f6n\u00fcnde kal\u0131rken, bu oyuncunun vuru\u015funda top \u00fcstten auta \u00e7\u0131kt\u0131.<\/li>\n<li>Kalan b\u00f6l\u00fcmde ba\u015fka gol olmad\u0131 ve m\u00fccadele 3-3&#8217;l\u00fck e\u015fitlikle sona erdi.<\/li>\n<li>Sar\u0131-lacivertliler, Monaco&#8217;yu 2-1 yenerek bu hasretine son vermi\u015f oldu.<\/li>\n<li>Monaco&#8217;ya ise gol yemeden alaca\u011f\u0131 tek farkl\u0131 galibiyetin yan\u0131 s\u0131ra, iki ve \u00fczeri farkl\u0131 galibiyetler de tur i\u00e7in yeterli olacak.<\/li>\n<\/ul>\n<h3>wonaco 1<\/h3>\n<p>UEFA \u015eampiyonlar Ligi Eleme Turu Play-off r\u00f6van\u015f ma\u00e7\u0131nda Benfica, sahas\u0131nda Monaco&#8217;yu a\u011f\u0131rlad\u0131. \u0130lk ma\u00e7\u0131 deplasmanda 1-0 kazanan Benfica, evindeki m\u00fccadeleyi 3-3&#8217;l\u00fck beraberlikle noktalayarak ad\u0131n\u0131 son 16&#8217;ya yazd\u0131rd\u0131. Milli y\u0131ld\u0131zlar\u0131m\u0131z Kerem Akt\u00fcrko\u011flu ve Orkun K\u00f6k\u00e7\u00fc, birer golle ma\u00e7a damga vurdular. Fenerbah\u00e7e Kul\u00fcb\u00fc, basketbolda T\u00fcrkiye&#8217;ye 5 Avrupa kupas\u0131 getirdi.<\/p>\n<h4>wonaco 1<\/h4>\n<p>81&#8217;de George Ilenikhena, bir kez daha Monaco&#8217;yu \u00f6ne ge\u00e7irdi. Dakikada bu kez sahneye \u00e7\u0131kan Orkun K\u00f6k\u00e7\u00fc oldu ve milli y\u0131ld\u0131z\u0131m\u0131z att\u0131\u011f\u0131 kritik golle tak\u0131m\u0131na turu getirdi. Volkan \u015een&#8217;in ayr\u0131ca sakatl\u0131\u011f\u0131 da bulunuyor. Sar\u0131-lacivertlilerde Braga ma\u00e7\u0131nda g\u00f6rd\u00fc\u011f\u00fc k\u0131rm\u0131z\u0131 kart nedeniyle 3 ma\u00e7 ceza alan Alper Potuk, cezas\u0131n\u0131n ilkini Monaco kar\u015f\u0131s\u0131nda oynamayarak \u00e7ekti. Braga kar\u015f\u0131s\u0131nda \u00e7ift sar\u0131 karttan oyundan at\u0131lan Mehmet Topal kar\u015f\u0131la\u015fmada forma giyemedi.<\/p>\n<ul>\n<li>\u0130kinci yar\u0131n\u0131n ba\u015f\u0131nda, 51.<\/li>\n<li>L\u00fctfen gelen kutunuzu veya spam (\u00f6nemsiz) klas\u00f6r\u00fcn\u00fc kontrol edin.<\/li>\n<li>Sar\u0131-lacivertli kul\u00fcpten yap\u0131lan a\u00e7\u0131klamada, konuyla ilgili Monaco Prensli\u011fi \u0130\u00e7i\u015fleri Bakanl\u0131\u011f\u0131 Dan\u0131\u015fman\u0131&#8217;n\u0131n imzas\u0131yla Monaco Genel Direkt\u00f6rl\u00fc\u011f\u00fc&#8217;ne yaz\u0131 g\u00f6nderildi\u011fi belirtildi.<\/li>\n<li>Fenerbah\u00e7e Beko, EuroLeague&#8217;de tarih yazmaya haz\u0131rlan\u0131yor.<\/li>\n<li>Sar\u0131-lacivertli tak\u0131m r\u00f6van\u015fta kazanmas\u0131 veya berabere kalmas\u0131 durumunda ad\u0131n\u0131 play-off turuna yazd\u0131racak.<\/li>\n<li>Kar\u015f\u0131la\u015fmaya Etihad Arena ev sahipli\u011fi yapacak.<\/li>\n<li>Dakikas\u0131nda, Vangelis Pavlidis&#8217;in sol kanattan yapt\u0131\u011f\u0131 ortay\u0131 iyi de\u011ferlendiren Kerem Akt\u00fcrko\u011flu, arka direkte topu a\u011flarla bulu\u015fturarak Benfica&#8217;y\u0131 1-0 \u00f6ne ge\u00e7irdi.<\/li>\n<li>Kez D\u00f6rtl\u00fc Final tecr\u00fcbesi ya\u015fayan sar\u0131-lacivertliler, 2017&#8217;nin d\u0131\u015f\u0131nda 2016 ve 2018&#8217;de de final oynad\u0131.<\/li>\n<\/ul>\n<p>Erkeklerde 2017&#8217;de Avrupa Ligi zirvesinde yer alan Fenerbah\u00e7e, kad\u0131nlarda ise Avrupa Ligi&#8217;ni 2023 ve 2024&#8217;te, Avrupa S\u00fcper Kupas\u0131&#8217;n\u0131 da ayn\u0131 y\u0131llarda iki kez elde etti. Fenerbah\u00e7e Beko, <a href=\"https:\/\/greenkarma.de\/\">wonaco<\/a> kazan\u0131rsa T\u00fcrk basketbolunun Avrupa&#8217;daki 17 kupas\u0131n\u0131n 6&#8217;s\u0131n\u0131n sahibi olacak. Monaco&#8217;ya ise gol yemeden alaca\u011f\u0131 tek farkl\u0131 galibiyetin yan\u0131 s\u0131ra, iki ve \u00fczeri farkl\u0131 galibiyetler de tur i\u00e7in yeterli olacak. R\u00f6van\u015f m\u00fccadelesinde normal s\u00fcrenin 2-1 Monaco&#8217;nun \u00fcst\u00fcnl\u00fc\u011f\u00fcyle tamamlamas\u0131 durumunda kar\u015f\u0131la\u015fma uzatmaya gidecek.<\/p>\n<h3>wonaco 1<\/h3>\n<p>Geride kalan sezonu kiral\u0131k olarak ba\u015fka tak\u0131mlarda ge\u00e7iren Emenike, Fenerbah\u00e7e&#8217;ye g\u00fczel bir d\u00f6n\u00fc\u015f yapt\u0131. Nijeryal\u0131 forvet, sar\u0131-lacivertli formayla 456 g\u00fcn sonra gol sevinci ya\u015fad\u0131. Emenike, Fenerbah\u00e7e formas\u0131yla son olarak Ziraat T\u00fcrkiye Kupas\u0131&#8217;nda 28 Nisan 2015&#8217;te oynanan ma\u00e7ta Bursaspor&#8217;un a\u011flar\u0131n\u0131 havaland\u0131rm\u0131\u015ft\u0131. Nijeryal\u0131 forvet, bu ma\u00e7tan \u00f6nce Kad\u0131k\u00f6y&#8217;deki son gol\u00fcn\u00fc ise 31 A\u011fustos 2014&#8217;te Kardemir Karab\u00fckspor kar\u015f\u0131s\u0131nda atm\u0131\u015ft\u0131. Emenike, resmi ma\u00e7lardaki son gol\u00fcn\u00fc de West Ham United formas\u0131yla 21 \u015eubat&#8217;ta \u0130ngiltere Federasyon Kupas\u0131&#8217;nda Blackburn Rovers kar\u015f\u0131s\u0131nda kaydetmi\u015fti. \u00d6te yandan kar\u015f\u0131la\u015fman\u0131n ikinci yar\u0131s\u0131nda oyundan \u00e7\u0131kan Emenike&#8217;ye taraftarlar b\u00fcy\u00fck sevgi g\u00f6sterisinde bulundu.<\/p>\n","protected":false},"excerpt":{"rendered":"<p>Wonaco 1: yeni kampanyalar Fenerbah\u00e7e, 2016&#8217;de CSKA Moskova&#8217;ya, 2018&#8217;de ise Real Madrid&#8217;e kaybetmi\u015fti. Fenerbah\u00e7e ile Monaco aras\u0131ndaki r\u00f6van\u015f ma\u00e7\u0131 3 A\u011fustos&#8217;ta Monaco&#8217;da oynanacak. Sar\u0131-lacivertli tak\u0131m r\u00f6van\u015fta kazanmas\u0131 veya berabere kalmas\u0131 durumunda ad\u0131n\u0131 play-off turuna yazd\u0131racak. Fenerbah\u00e7e, 2 veya \u00fczeri gol at\u0131p tek farkl\u0131 kaybetmesi durumunda da tur biletini kapacak. 8&#8217;de Neustadter kafay\u0131 vurdu, De Sanctis [&hellip;]<\/p>\n","protected":false},"author":2,"featured_media":0,"comment_status":"open","ping_status":"open","sticky":false,"template":"","format":"standard","meta":{"footnotes":""},"categories":[1558],"tags":[],"_links":{"self":[{"href":"https:\/\/user-83991389-work.colibriwp.com\/comprardiplomaonline\/wp-json\/wp\/v2\/posts\/48191"}],"collection":[{"href":"https:\/\/user-83991389-work.colibriwp.com\/comprardiplomaonline\/wp-json\/wp\/v2\/posts"}],"about":[{"href":"https:\/\/user-83991389-work.colibriwp.com\/comprardiplomaonline\/wp-json\/wp\/v2\/types\/post"}],"author":[{"embeddable":true,"href":"https:\/\/user-83991389-work.colibriwp.com\/comprardiplomaonline\/wp-json\/wp\/v2\/users\/2"}],"replies":[{"embeddable":true,"href":"https:\/\/user-83991389-work.colibriwp.com\/comprardiplomaonline\/wp-json\/wp\/v2\/comments?post=48191"}],"version-history":[{"count":1,"href":"https:\/\/user-83991389-work.colibriwp.com\/comprardiplomaonline\/wp-json\/wp\/v2\/posts\/48191\/revisions"}],"predecessor-version":[{"id":48192,"href":"https:\/\/user-83991389-work.colibriwp.com\/comprardiplomaonline\/wp-json\/wp\/v2\/posts\/48191\/revisions\/48192"}],"wp:attachment":[{"href":"https:\/\/user-83991389-work.colibriwp.com\/comprardiplomaonline\/wp-json\/wp\/v2\/media?parent=48191"}],"wp:term":[{"taxonomy":"category","embeddable":true,"href":"https:\/\/user-83991389-work.colibriwp.com\/comprardiplomaonline\/wp-json\/wp\/v2\/categories?post=48191"},{"taxonomy":"post_tag","embeddable":true,"href":"https:\/\/user-83991389-work.colibriwp.com\/comprardiplomaonline\/wp-json\/wp\/v2\/tags?post=48191"}],"curies":[{"name":"wp","href":"https:\/\/api.w.org\/{rel}","templated":true}]}}