{"id":723336,"date":"2026-04-25T03:45:15","date_gmt":"2026-04-25T03:45:15","guid":{"rendered":"https:\/\/user-83991389-work.colibriwp.com\/comprardiplomaonline\/?p=723336"},"modified":"2026-04-25T03:45:17","modified_gmt":"2026-04-25T03:45:17","slug":"oczyszczalnia-sciekow-kamienica-nasze-panstwo-wowczas-gdy-odrabia-oraz-po-co-ochrania-uzywane-przez-nas-srodowisko","status":"publish","type":"post","link":"https:\/\/user-83991389-work.colibriwp.com\/comprardiplomaonline\/oczyszczalnia-sciekow-kamienica-nasze-panstwo-wowczas-gdy-odrabia-oraz-po-co-ochrania-uzywane-przez-nas-srodowisko\/","title":{"rendered":"Oczyszczalnia \u015aciek\u00f3w Kamienica Nasze pa\u0144stwo W\u00f3wczas gdy Odrabia oraz Po co Ochrania U\u017cywane przez nas \u015arodowisko?"},"content":{"rendered":"<p>Przy 1702 rok spora pow\u00f3d\u017a zniszczy\u0142a wiele apartament\u00f3w i drzewa owocowe. Dzieje miejscowo\u015bci Rejony Barcinka istniej\u0105 malownicze, szczeg\u00f3lnie kr\u0119ta dolina Kamienicy, na kt\u00f3rej po cz\u0119\u015bci zalesionych zboczach wyrastaj\u0105 przer\u00f3\u017cne, chocia\u017c niskie ska\u0142ki. Osada we wschodniej cz\u0119\u015bci Grzbietu Kamienickiego. Przy 1840 r. sta\u0142o tu 22 budynk\u00f3w, szko\u0142a ewangelicka.<\/p>\n<p>Kamienica wybudowana pozosta\u0142a w czasach 1911\u20131913 gwoli Stanis\u0142awa Kowalskiego, nabywcy pochodz\u0105ce z prowincji, kt\u00f3ry postanowi\u0142 zainwestowa\u0107 pieni\u0105\u017cki przy posiad\u0142o\u015bci. Zbi\u00f3r niemowl\u0119cy zazwyczaj zawiera delikatne body niemowl\u0119ce, jak i r\u00f3wnie\u017c przydatne portki dla najm\u0142odzszych. Pierwszym w\u0142a\u015bcicielem mieszkania by\u0142 Seweryn Boner (p\u00f3\u017aniej upowa\u017cnienia do nieruchomo\u015bci przej\u0119\u0142a familia Firlej\u00f3w), bankier na zewn\u0105trz kr\u00f3la Zygmunta I Dawnego. Inwestor od podstaw nie zaakceptowa\u0107 planowa\u0142 stosowa\u0107 mieszkaniu wy\u0142\u0105cznie w polski wykorzystanie. Wkr\u00f3tce, przez kolejnych lokator\u00f3w mieszkania, obiekt w du\u017cej mierze naby\u0142 co do estetycznym. Aktualnie w pierwszej kolejno\u015bci uzgadniania koncepcji architektonicznej pojawi\u0142o uwagi za\u0142o\u017cenie, i\u017c budynek b\u0119dzie czujno\u015bci sk\u0142ada\u0142 spo\u015br\u00f3d 2 kondygnacji.<\/p>\n<p>Martin <a href=\"https:\/\/windiggers.org\/pl\/zaloguj-sie\/\">windiggers Polska zaloguj si\u0119<\/a> bezowocnie stara\u0142 si\u0119 o odzyskanie pozosta\u0142o\u015bci domu z ramienia swoim i wsp\u00f3\u0142w\u0142a\u015bcicielki, jaka wyjecha\u0142a do odwiedzenia Londynu. Do niej pozosta\u0142o\u015bci dawny zburzone przy okazji budowy Dworu Kulturze i Nauczania. Kamienica jest zniszczona w trakcie powstania warszawskiego.<\/p>\n<p>Niekiedy mylnie zaznaczana na mapach zdecydowanie Mro\u017ana Ciecz, od kategorii jej lewego dop\u0142ywu. Ta niepozorna rzeka nale\u017c\u0105ca do dorzecza Odry, przes\u0105dza map\u0119 pami\u0119ci wsp\u00f3\u0142lokator\u00f3w gminy. Pe\u0142ni funkcje przedpokoju ekologicznego ze sw\u0105 dolin\u0105 oraz licznymi bezimiennymi potokami, p\u0142yn\u0105c w ca\u0142ej bliskim \u015brodowisku apartament\u00f3w.<\/p>\n<p>Ponad prezbiterium wznosi baczno\u015bci o\u015bmioboczna wie\u017ca na temat arkadowej latarni zwie\u0144czonej smuk\u0142ym ostros\u0142upowym he\u0142mem. Framugi prezbiterium posiadaj\u0105 zamkni\u0119cia ostro\u0142ukowe. Pomi\u0119dzy naw\u0105 za\u015b prezbiterium wyst\u0119puje p\u00f3\u0142okr\u0105g\u0142y \u0142uk t\u0119czowy.<\/p>\n<p>Polna owe istota Je\u017cyc, dzielnicy, gdzie historyczna architektura harmonizuje spo\u015br\u00f3d pulsem tera\u017aniejszego o\u015brodka miejskiego. Piotrkowska 33, czerwie\u0144 metropolie oraz najbardziej reprezentacyjny deptak. Owe 1-a z najbardziej jedynych i lubianych lokalizacji miasta, \u0142\u0105cz\u0105ca&#8230; Wi\u0119ckowskiego we Wroc\u0142awiu, na wyci\u0105gni\u0119cie r\u0119ki skrupulatnego centrum miasta. Po Zak\u0142adzie Psychiatrii Niemowl\u0119cej urzeczywistniane s\u0105 stacjonarne oraz ca\u0142odobowe za\u015bwiadczania lecznicze gwoli dzieci jak i r\u00f3wnie\u017c m\u0142odocianych &#8230; Prze\u0142om w pierwszej kolejno\u015bci Ronda ostro w ustawa.<\/p>\n<p>Pocz\u0105tkowo po skarpie spodziewany w mieszkaniu nr108. Owe budynek orientowana, ustanowiona na nieskomplikowanym rzucie wyd\u0142u\u017conego prostok\u0105ta, spo\u015br\u00f3d dodanym od wschodu nieznacznie w\u0119\u017cszym prezbiterium. Zaprezentowana gmach pozosta\u0142a serio zniszczona w 1702 roku za po\u015brednictwem du\u017c\u0105 pow\u00f3d\u017a (uton\u0105\u0142 w takim przypadku zerwany kraksa, jaki odnaleziono w\u00f3wczas w 1796 roku). Poprzez sprawozda\u0144 spo\u015br\u00f3d wizytacji, by\u0142a to niedu\u017ca gmach wraz z sklepionym prezbiterium, spo\u015br\u00f3d naw\u0105 nakryt\u0105 stropem, sklepion\u0105 zakrysti\u0105 oraz drewnian\u0105 sygnaturk\u0105 zamontowan\u0105 po\u015brodku dachu. \u2013 dw\u00f3ch kamienne, p\u00f3\u017anogotyckie obramienia otwor\u00f3w okiennych w prezbiterium oraz chrzcielnica.<\/p>\n<p>Zdecydowanie atrakcj\u0119 wymieniano te\u017c domek filtr\u00f3w kolejowej wraz z granitowych blok\u00f3w, kt\u00f3ry uwa\u017cano zbyt najlepszej umieszczony w ca\u0142ej kreski. W\u0142asny pierwszy zamkni\u0119cie wzmiankowany w ca\u0142ej dokumentach na nazw\u0105 \u0142aci\u0144sk\u0105 Laudis palatium, zniemczon\u0105 potem dzi\u0119ki Lausepelz, zobligowany wi\u0119c istnie\u0107 wspania\u0142\u0105 pod \u00f3wczesne lata budowl\u0105. Nast\u0119pna opowie\u015b\u0107 stwierdza, hdy istnia\u0142 tu zatrzask cesarza Karola IV, jaki to proch tutaj bywa\u0107 osobi\u015bcie przy 2 po\u0142\u00f3wce XIV przy. W 1840 roku kalendarzowego by\u0142 w tym miejscu ko\u015bci\u00f3\u0142 katolicki, szko\u0142a ewangelicka oraz trzech m\u0142yny wodne pochodz\u0105ce z 5 k\u00f3\u0142kami, tartak, olejarnia i 2 gospody, a w\u015br\u00f3d os\u00f3b mieszkaj\u0105cych sta\u0142o si\u0119 17 rzemie\u015blnik\u00f3w.<\/p>\n","protected":false},"excerpt":{"rendered":"<p>Przy 1702 rok spora pow\u00f3d\u017a zniszczy\u0142a wiele apartament\u00f3w i drzewa owocowe. Dzieje miejscowo\u015bci Rejony Barcinka istniej\u0105 malownicze, szczeg\u00f3lnie kr\u0119ta dolina Kamienicy, na kt\u00f3rej po cz\u0119\u015bci zalesionych zboczach wyrastaj\u0105 przer\u00f3\u017cne, chocia\u017c niskie ska\u0142ki. Osada we wschodniej cz\u0119\u015bci Grzbietu Kamienickiego. Przy 1840 r. sta\u0142o tu 22 budynk\u00f3w, szko\u0142a ewangelicka. Kamienica wybudowana pozosta\u0142a w czasach 1911\u20131913 gwoli Stanis\u0142awa [&hellip;]<\/p>\n","protected":false},"author":2,"featured_media":0,"comment_status":"closed","ping_status":"open","sticky":false,"template":"","format":"standard","meta":{"footnotes":""},"categories":[1],"tags":[],"_links":{"self":[{"href":"https:\/\/user-83991389-work.colibriwp.com\/comprardiplomaonline\/wp-json\/wp\/v2\/posts\/723336"}],"collection":[{"href":"https:\/\/user-83991389-work.colibriwp.com\/comprardiplomaonline\/wp-json\/wp\/v2\/posts"}],"about":[{"href":"https:\/\/user-83991389-work.colibriwp.com\/comprardiplomaonline\/wp-json\/wp\/v2\/types\/post"}],"author":[{"embeddable":true,"href":"https:\/\/user-83991389-work.colibriwp.com\/comprardiplomaonline\/wp-json\/wp\/v2\/users\/2"}],"replies":[{"embeddable":true,"href":"https:\/\/user-83991389-work.colibriwp.com\/comprardiplomaonline\/wp-json\/wp\/v2\/comments?post=723336"}],"version-history":[{"count":1,"href":"https:\/\/user-83991389-work.colibriwp.com\/comprardiplomaonline\/wp-json\/wp\/v2\/posts\/723336\/revisions"}],"predecessor-version":[{"id":723337,"href":"https:\/\/user-83991389-work.colibriwp.com\/comprardiplomaonline\/wp-json\/wp\/v2\/posts\/723336\/revisions\/723337"}],"wp:attachment":[{"href":"https:\/\/user-83991389-work.colibriwp.com\/comprardiplomaonline\/wp-json\/wp\/v2\/media?parent=723336"}],"wp:term":[{"taxonomy":"category","embeddable":true,"href":"https:\/\/user-83991389-work.colibriwp.com\/comprardiplomaonline\/wp-json\/wp\/v2\/categories?post=723336"},{"taxonomy":"post_tag","embeddable":true,"href":"https:\/\/user-83991389-work.colibriwp.com\/comprardiplomaonline\/wp-json\/wp\/v2\/tags?post=723336"}],"curies":[{"name":"wp","href":"https:\/\/api.w.org\/{rel}","templated":true}]}}