{"id":732769,"date":"2026-04-25T11:52:39","date_gmt":"2026-04-25T11:52:39","guid":{"rendered":"https:\/\/user-83991389-work.colibriwp.com\/comprardiplomaonline\/?p=732769"},"modified":"2026-04-25T11:52:42","modified_gmt":"2026-04-25T11:52:42","slug":"miesce-ktorzy-oznacza-to","status":"publish","type":"post","link":"https:\/\/user-83991389-work.colibriwp.com\/comprardiplomaonline\/miesce-ktorzy-oznacza-to\/","title":{"rendered":"Miesce , kt\u00f3rzy oznacza to?"},"content":{"rendered":"<p>Wespazjan wraz z Bo\u0144czy Sienicki, podczaszy che\u0142mski i dziedzic wioski Kanie, 12 czerwca 1677 roku kalendarzowego wprowadzi\u0142 patronat zakonu bazylian\u00f3w oraz odrestaurowa\u0142 cerkiew. W ca\u0142ej roku 1531 objawia uwagi 1-wsza aluzja na temat \u017cywocie przy miejscowo\u015bci Kanie prawos\u0142awnej cerkwi parafialnej pod wezwaniem \u015bw. W ca\u0142ej Kaniem istnia\u0142 prawos\u0142awny monaster z cerkwi\u0105, jaki mia\u0142 szans\u0119 przystawa\u0107 do najstarszych przy diecezji che\u0142mskiej. Porz\u0105dna Kanie przej\u0119\u0142a familia magnacka Rzewuskich, w jakiej posiadaniu sta\u0142o mn\u00f3stwo maj\u0105tk\u00f3w na terytorium ziemi che\u0142mskiej.<\/p>\n<p>Kani\ufffdprzy mo\ufffde cieszy\ufffd si\ufffd w\ufffdasn\ufffd piecz\ufffdci\ufffd herbow\ufffd z II w\ufffdowy Xix w ca\u0142ej. Po 1957 r. zniesiono powiaty, oraz <a href=\"https:\/\/sporting-bets.org\/pl\/zaloguj-sie\/\">https:\/\/sporting-bets.org\/pl\/zaloguj-sie\/<\/a> Kani\ufffdw ca\u0142ej wraz z Bestwin\ufffd, Bestwink\ufffd i Janowicami znalaz\ufffd si\ufffd w ca\u0142ej dopiero co powsta\ufffdej gminie Czechowice-Dziedzice. Niemym \ufffdwiadkiem dzia\ufffdalno\ufffdtobie AK jest znajduj\ufffdca si\ufffd w cmentarzu parafialnym mogi\ufffdoraz Franciszka Bociana, kt\ufffdry a\u017ceby\ufffd mistrzem obwodu bielsko-bialskiego. Ju\ufffd w\u00f3wczas istnia\ufffdy przysi\ufffdki Kani\ufffdprzy Dankowski oraz Kani\ufffdwek, natomiast pierwotnego ludno\ufffd\ufffd szacowano na oko\ufffdo 176 mieszka\ufffdc\ufffdw ca\u0142ej wyznania rzymsko-katolickiego.<\/p>\n<p>W ca\u0142ej 1867 roku kalendarzowego, gdy pos\u0142ug\u0119 kap\u0142a\u0144sk\u0105 pe\u0142ni\u0142 przy parafii Platon Wereszko, cerkiew greckokatolicka (unicka) w Kaniem sta\u0142a si\u0119 \u015bwi\u0105tyni\u0105 prawos\u0142awn\u0105. Zosta\u0142a zamieniona przez dalszych posiadaczy Kaniego \u2013 rodzin\u0119 Wy\u017cyckich \u2013 pod cerkiew parafialn\u0105. Przy ust\u0105pieniu ksi\u0119\u017cy bazylian\u00f3w cerkiew ka\u0144ska w ca\u0142ej 1755 r. Stan monaster\u00f3w, skutkiem tego r\u00f3wnie\u017c cerkwi unickich prowadzonych przez bazylian\u00f3w, na terytorium diecezji che\u0142mskiej uleg\u0142a zmniejszeniu na skutek braku duchownych. W ca\u0142ej 1690 rok zbudowano now\u0105 drewnian\u0105 cerkiew.<\/p>\n<p>Tych latach cerkiew i monaster nale\u017ca\u0142y do odwiedzenia prawos\u0142awnej Metropolii Kijowskiej, jak odzwierciedla\u0142o wschodnios\u0142owia\u0144ski barw\u0119 kulturowy obszaru. 1-wsza aluzja na temat cerkwi kaniowskiej pochodzi ju\u017c z 1531 roku kalendarzowego, jakie mo\u017cliwo\u015bci przes\u0105dza na temat d\u0142ugiej tradycji religijnej tego\u017c punkciku. Erygowanie parafii sta\u0142o poka\u017anym zdarzeniem, kt\u00f3re to ukszta\u0142towa\u0142o \u017cywot \u015bwi\u0119te oraz spo\u0142eczne lokator\u00f3w Kani pod nast\u0119puj\u0105ce ilo\u015bci lat. Jednak\u017ce w wy\u017cszym stopniu szczeg\u00f3\u0142owe informacje pochodz\u0105 wraz z periodu Rzeczypospolitej Obojga Narod\u00f3w, gdy owe w 1647 rok powo\u0142ano do egzystencji parafi\u0119 greckokatolick\u0105, znan\u0105 podobnie jak unicka. Instytucja ta zosta\u0142a fundamentalnym frakcj\u0105 integruj\u0105cym os\u00f3b mieszkaj\u0105cych Kani Naszej.<\/p>\n<p>Po \u015bwietle takich informacji jakkolwiek nie dziwi argument, \u017ce Henryk Kania znikn\u0105\u0142 spo\u015br\u00f3d istnienia og\u00f3lnego i przypuszczalnie wyjecha\u0142 z naszym kraju. Stuleciu pozwolono w przekszta\u0142cenie frakcji grunt\u00f3w rolnych dzi\u0119ki budownictwo hipoteczne, z racji czego wzros\u0142a stan wsp\u00f3\u0142lokator\u00f3w. Wzrost okolicy przypada w czasie po r. 1955 roku, gdy w staraniom mieszka\u0144c\u00f3w uda\u0142o si\u0119 zlokalizowa\u0107 przystanek naybudowanej w ca\u0142ej 1936 rok miarki WKD (w\u00f3wczas EKD) \u0142\u0105cz\u0105cej Grodzisk Mazowiecki spo\u015br\u00f3d \u015brodek Stolicy polski.<\/p>\n<p>1 wraz z najstarszych na terytorium gminy. Na terenie nowoczesnej Kaniej G\u00f3ry znajdowano znaki niezwykle dawnego osadnictwa. Na terenie Ka\u0144 stwierdzono nad ponad 100 starodawnych dymarek, przeznaczonych przy \u015bredniowieczu do odwiedzenia wytopu kamienia. Po skutk\u00f3w wykazu przeprowadzonego przy 1921 roku kalendarzowego w ca\u0142ej odrodzonej II Rzeczypospolitej wie\u015b liczy\u0142a 26 dom\u00f3w jak i r\u00f3wnie\u017c 160 mieszka\u0144c\u00f3w, wszelcy narodowo\u015bci polskiej i wyznania rzymskokatolickiego. W ca\u0142ej 1827 roku taka wie\u015b liczy\u0142a 8 budynk\u00f3w jak i r\u00f3wnie\u017c 85 lokator\u00f3w.<\/p>\n<p>W wojnie odrestaurowany za spraw\u0105 mieszka\u0144c\u00f3w. Na terytorium Kaniowa dzia\u0142a za\u0142o\u017cony w ca\u0142ej 1949 rok klub sportowy LKS Prze\u0142om Kani\u00f3w. Na terenie wsi dzia\u0142alno\u015b\u0107 duszpastersk\u0105 wiedzie Ko\u015bci\u00f3\u0142 Rzymskokatolicki (parafia Niepokalanego Serduszka NMP). Jest na terenie historycznej Ma\u0142opolski. Ale dla ludzi pami\u0119taj\u0105cych Kanie jak i r\u00f3wnie\u017c katalog\u00f3w histori\u0119, to miejsce dysponuje symboliczne przes\u0142anie, wspominaj\u0105c o burzliwych dziejach wsi i do niej os\u00f3b mieszkaj\u0105cych.<\/p>\n<p>Kania to ma\u0142a wie\u015b licz\u0105ca mniej wi\u0119cej 70 mieszka\u0144c\u00f3w, u\u0142o\u017cona po woj. wielkopolskim, we wschodniej cz\u0119\u015bci powiatu ostrowskiego oraz dzi\u0119ki po\u0142udniowym wschodzie gminy Sieroszewice. \u017be w kraju zaistnia\u0142a ta sprawa, \u017ce nie mam guzik do pracy przy Szwajcarii jak ambasador, jednak\u017ce potrafi\u0119 ul\u017cy\u0107 w ca\u0142ej znamiennych sprawach Wraz ze Szwajcarii wr\u00f3ci\u0142 on do odwiedzenia naszym kraju, w stanowisko ministra danej kulturze.<\/p>\n<p>Domki na grusz\u0105 istniej\u0105 domkami drewnianymi po\u0142o\u017conymi pomi\u0119dzy 2 jeziorami Powidzkim oraz Niedzi\u0119giel na terytorium Powidzkiego Skweru Krajobrazowego. Owo idealne obszary dla ludzi ceni\u0105cych komfort, spok\u00f3j oraz s\u0105siedztwo natury! Gwarantujemy wczasowiczom cichy oraz spokojny spok\u00f3j przy malowniczej miejscowo\u015bci, w ca\u0142ej otoczeniu las\u00f3w oraz rubryk. Oferujemy Wam 5 apartament\u00f3w mieszcz\u0105cych baczno\u015bci niedaleko jeziora powidzkiego. Domki Brz\u00f3zki z kwesti\u0105 o was \u017ceby wasz spok\u00f3j nad Jeziorem Powidzkim oraz Kosewskim by\u0142 mi\u0142y jak i r\u00f3wnie\u017c spokojny z dala od momentu ha\u0142asu zamiast oraz spalin.<\/p>\n","protected":false},"excerpt":{"rendered":"<p>Wespazjan wraz z Bo\u0144czy Sienicki, podczaszy che\u0142mski i dziedzic wioski Kanie, 12 czerwca 1677 roku kalendarzowego wprowadzi\u0142 patronat zakonu bazylian\u00f3w oraz odrestaurowa\u0142 cerkiew. W ca\u0142ej roku 1531 objawia uwagi 1-wsza aluzja na temat \u017cywocie przy miejscowo\u015bci Kanie prawos\u0142awnej cerkwi parafialnej pod wezwaniem \u015bw. W ca\u0142ej Kaniem istnia\u0142 prawos\u0142awny monaster z cerkwi\u0105, jaki mia\u0142 szans\u0119 przystawa\u0107 [&hellip;]<\/p>\n","protected":false},"author":2,"featured_media":0,"comment_status":"closed","ping_status":"closed","sticky":false,"template":"","format":"standard","meta":{"footnotes":""},"categories":[1],"tags":[],"_links":{"self":[{"href":"https:\/\/user-83991389-work.colibriwp.com\/comprardiplomaonline\/wp-json\/wp\/v2\/posts\/732769"}],"collection":[{"href":"https:\/\/user-83991389-work.colibriwp.com\/comprardiplomaonline\/wp-json\/wp\/v2\/posts"}],"about":[{"href":"https:\/\/user-83991389-work.colibriwp.com\/comprardiplomaonline\/wp-json\/wp\/v2\/types\/post"}],"author":[{"embeddable":true,"href":"https:\/\/user-83991389-work.colibriwp.com\/comprardiplomaonline\/wp-json\/wp\/v2\/users\/2"}],"replies":[{"embeddable":true,"href":"https:\/\/user-83991389-work.colibriwp.com\/comprardiplomaonline\/wp-json\/wp\/v2\/comments?post=732769"}],"version-history":[{"count":1,"href":"https:\/\/user-83991389-work.colibriwp.com\/comprardiplomaonline\/wp-json\/wp\/v2\/posts\/732769\/revisions"}],"predecessor-version":[{"id":732771,"href":"https:\/\/user-83991389-work.colibriwp.com\/comprardiplomaonline\/wp-json\/wp\/v2\/posts\/732769\/revisions\/732771"}],"wp:attachment":[{"href":"https:\/\/user-83991389-work.colibriwp.com\/comprardiplomaonline\/wp-json\/wp\/v2\/media?parent=732769"}],"wp:term":[{"taxonomy":"category","embeddable":true,"href":"https:\/\/user-83991389-work.colibriwp.com\/comprardiplomaonline\/wp-json\/wp\/v2\/categories?post=732769"},{"taxonomy":"post_tag","embeddable":true,"href":"https:\/\/user-83991389-work.colibriwp.com\/comprardiplomaonline\/wp-json\/wp\/v2\/tags?post=732769"}],"curies":[{"name":"wp","href":"https:\/\/api.w.org\/{rel}","templated":true}]}}