{"id":736709,"date":"2026-04-25T14:59:38","date_gmt":"2026-04-25T14:59:38","guid":{"rendered":"https:\/\/user-83991389-work.colibriwp.com\/comprardiplomaonline\/?p=736709"},"modified":"2026-04-25T14:59:39","modified_gmt":"2026-04-25T14:59:39","slug":"spis-naszych-rodow-ksiazecych-wikipedia-nieograniczona-encyklopedia","status":"publish","type":"post","link":"https:\/\/user-83991389-work.colibriwp.com\/comprardiplomaonline\/spis-naszych-rodow-ksiazecych-wikipedia-nieograniczona-encyklopedia\/","title":{"rendered":"Spis naszych rod\u00f3w ksi\u0105\u017c\u0119cych Wikipedia, nieograniczona encyklopedia"},"content":{"rendered":"<p>Budynek wzniesiony dzi\u0119ki projekcie wyd\u0142u\u017conego prostok\u0105ta, pi\u0119trowy spo\u015br\u00f3d parterowymi skrzyd\u0142ami. Po fasadzie znajdowa\u0142 baczno\u015bci taras spo\u015br\u00f3d betonow\u0105 ozdobn\u0105 balustrad\u0105, pop&#8230; Dw\u00f3r p\u00f3\u017anoklasycystyczny, wzniesiony dzi\u0119ki planie wyd\u0142u\u017conego prostok\u0105ta, pi\u0119trowy, fasad\u0105 skierowany pod p\u0142d. Od czasu tej\u017ce strony centralnie zamieszczony nieznaczny ryzalit zwie\u0144czony p\u00f3\u0142okr\u0105g\u0142ym szczytem wraz z herbem rodowym von Kries\u00f3w. Dom wzniesiony na planie prostok\u0105ta, pi\u0119trowy, nakryty dyskretnym dachem czterospadowym, fasad\u0105 zwr\u00f3cony w odniesieniu do zachodowi. Tam te\u017c znajdowa\u0142o uwagi dawno podw\u00f3rze gospodarcze pochodz\u0105ce z zabudowaniami.<\/p>\n<p>Podczas Oraz wojny \u015bwieckiej pozosta\u0142 powa\u017cnie zniszczony, jednak\u017ce na staraniom dalszych posiadaczy odzyska\u0142 dawn\u0105 \u015bwietno\u015b\u0107. Projektantem tego\u017c wspania\u0142ego obiektu by\u0142 \u015bwietny realizator Fryderyk Albert Lessel, jaki nada\u0142 gmach\u00f3w charakterystyczny <a href=\"https:\/\/rollinocasinos.org\/pl\/\">https:\/\/rollinocasinos.org\/pl\/<\/a> klasycystyczny kierunek. Jedynie kilka km od zgie\u0142ku Stolicy kraju, po malowniczej mie\u015bciny P\u0119cice, kryje si\u0119 rzeczywista per\u0142a architektury klasycystycznej \u2013 Pa\u0142ac W\u0142asny. Lokalne pa\u0142ace jak i r\u00f3wnie\u017c dworki b\u0119d\u0105 niezaprzeczalnym skarbem pa\u0144stwowym, kt\u00f3ry\u2063 koniecznie powinno si\u0119 pozna\u0107,\u2063 by poj\u0105\u0107 przepych oraz zr\u00f3\u017cnicowanie historii naszego \u200cnaszym kraju. Wizyta \u200bpo krainie\u2064 rodzimych pa\u0142ac\u00f3w i dwork\u00f3w jawi si\u0119 \u200bw charakterze przygoda w toku do ery szlacheckiego przepychu, jaka zadziwia\u200c w\u0142asna cudown\u0105 architektur\u0105 oraz bogactwem przesz\u0142o\u015bci. Opr\u00f3cz tego,\u200c nale\u017ca\u0142oby odnie\u015b\u0107\u200d uwag\u0119 w unikatowe r\u0119kodzie\u0142o \u200cartystyczne oraz tradycyjne r\u0119kodzie\u0142a, kt\u00f3re b\u0119d\u0105 przyrodzonym elementem w\u0142asnej\u200d relacji oraz tradycji.<\/p>\n<p>Dw\u00f3r w\u0142asny zaistnia\u0142 na koniec 18 wieku, a wed\u0142ug pocz\u0105tku Xix ilo\u015bci lat (po \u015bluby) sta\u0142 baczno\u015bci w\u0142asno\u015bci\u0105 Leona Przerwy-Tetmajera. Budowla taka zaistnia\u0142a w czasach sze\u015bcdziesi\u0119ciu-takich Xix wieku, an i\u017c po jego budowie u\u017cyto cegie\u0142, \u015bwietnie nawi\u0105zuje m\u0119\u017cczyzna swoim stylem do okolicznych zamk\u00f3w krzy\u017cackich. Na skraju estetycznego ogrodu zamkowego spo\u015br\u00f3d pawilonem herbacianym oraz chi\u0144sk\u0105 bram\u0105 dojrze\u0107 mo\u017cna podobnie wybieg \u017cubr\u00f3w, jaki to stan\u0105\u0142 w 19 stulecia.<\/p>\n<p>Owe gmach jednolita, bez wyra\u017anie niekt\u00f3rych cech stylowych. Budynek parterowy, nakryty dwuspadowym dachem, ongi fasad\u0105 skierowany w p\u0142d. By\u0142 owe budynek parterowo &#8211; pi\u0119trowy, wzniesiony dzi\u0119ki planie prostok\u0105ta, pozbawiony cech wykwintnych.<\/p>\n<p>Dw\u00f3r pi\u0119trowy, eklektyczny, wzniesiony dzi\u0119ki planie prostok\u0105ta, nakryty czterospadowym dachem. Jest to budynek pod planie wyd\u0142u\u017conego prostok\u0105ta, w ca\u0142ej d\u0142u\u017cszej osi podobnej do W ca\u0142ej-E, pi\u0119trowa i nakryta dachem p\u0142askim, krytym pap\u0105. Pa\u0142ac wzniesiony pod planie kwadratu, fasad\u0105 skierowany w kierunku N-E.<\/p>\n<p>Orlich Gniazd, we wsi Olsztyn po wojew\u00f3dztwie \u015bl\u0105skim. Zatrzask w ca\u0142ej \u015awie\u017cym Wi\u015bniczu jest to budynek wczesnobarokowa pochodz\u0105ce z detalami renesansowymi. Ca\u0142o\u015b\u0107 otoczona by\u0142a murem na temat wysoko\u015bci dziesi\u0119ciu m, spo\u015br\u00f3d pot\u0119\u017cn\u0105 o\u015bmiok\u0105tn\u0105 wie\u017c\u0105. Zamkni\u0119cie Kr\u00f3lewski przy \u0141\u0119czycy z XIV wieku jest to dom obronna wzniesiona za po\u015brednictwem kr\u00f3la Kazimierza Szerokiego. Zamkni\u0119cie Biskupi po Lidzbarku Warmi\u0144skim wraz z XIV wieku, stosowny do odwiedzenia najcenniejszych relikt\u00f3w architektury gotyckiej na terytorium polski.<\/p>\n<p>Wryty do rejestru zabytk\u00f3w kompleks jest przyk\u0142adem historycznej architektury. Kute z blachy ozdobne balustrady, op\u0142ywowe formy ram okiennych oraz wie\u017ca jest to najlepsze detale konstrukcji. W przebudowie w latach kolejnych cel naby\u0142 pierwiastki neogotyckie. To miejsce, w kt\u00f3rym dotar\u0142o do odwiedzenia prze\u0142omowego chwili po sporu II rywalizacji \u015bwiatowej we Mie\u015bcie pozna\u0144. Po\u015brodku stoi zwyczajny kolumna pochodz\u0105ce z poro\u017cami jeleni.<\/p>\n<p>Niestety mn\u00f3stwo wraz z nich wegetuje poranionych poprzez intensywne wiatry relacji. Pa\u0142ace i dworki, to tak samo jak zamki, pi\u0119kne pami\u0105tki relacji jak i r\u00f3wnie\u017c szlacheckiego bogactwa. T\u0119 pere\u0142ki dawnej architektury mog\u0105 mie\u0107 sporo splendoru jak i r\u00f3wnie\u017c w ca\u0142ej przyci\u0105gaj\u0105cy strategia przypominaj\u0105 naszej firmie na temat swoich dawnych w\u0142a\u015bcicielach.<\/p>\n","protected":false},"excerpt":{"rendered":"<p>Budynek wzniesiony dzi\u0119ki projekcie wyd\u0142u\u017conego prostok\u0105ta, pi\u0119trowy spo\u015br\u00f3d parterowymi skrzyd\u0142ami. Po fasadzie znajdowa\u0142 baczno\u015bci taras spo\u015br\u00f3d betonow\u0105 ozdobn\u0105 balustrad\u0105, pop&#8230; Dw\u00f3r p\u00f3\u017anoklasycystyczny, wzniesiony dzi\u0119ki planie wyd\u0142u\u017conego prostok\u0105ta, pi\u0119trowy, fasad\u0105 skierowany pod p\u0142d. Od czasu tej\u017ce strony centralnie zamieszczony nieznaczny ryzalit zwie\u0144czony p\u00f3\u0142okr\u0105g\u0142ym szczytem wraz z herbem rodowym von Kries\u00f3w. Dom wzniesiony na planie prostok\u0105ta, pi\u0119trowy, [&hellip;]<\/p>\n","protected":false},"author":2,"featured_media":0,"comment_status":"closed","ping_status":"open","sticky":false,"template":"","format":"standard","meta":{"footnotes":""},"categories":[1],"tags":[],"_links":{"self":[{"href":"https:\/\/user-83991389-work.colibriwp.com\/comprardiplomaonline\/wp-json\/wp\/v2\/posts\/736709"}],"collection":[{"href":"https:\/\/user-83991389-work.colibriwp.com\/comprardiplomaonline\/wp-json\/wp\/v2\/posts"}],"about":[{"href":"https:\/\/user-83991389-work.colibriwp.com\/comprardiplomaonline\/wp-json\/wp\/v2\/types\/post"}],"author":[{"embeddable":true,"href":"https:\/\/user-83991389-work.colibriwp.com\/comprardiplomaonline\/wp-json\/wp\/v2\/users\/2"}],"replies":[{"embeddable":true,"href":"https:\/\/user-83991389-work.colibriwp.com\/comprardiplomaonline\/wp-json\/wp\/v2\/comments?post=736709"}],"version-history":[{"count":1,"href":"https:\/\/user-83991389-work.colibriwp.com\/comprardiplomaonline\/wp-json\/wp\/v2\/posts\/736709\/revisions"}],"predecessor-version":[{"id":736711,"href":"https:\/\/user-83991389-work.colibriwp.com\/comprardiplomaonline\/wp-json\/wp\/v2\/posts\/736709\/revisions\/736711"}],"wp:attachment":[{"href":"https:\/\/user-83991389-work.colibriwp.com\/comprardiplomaonline\/wp-json\/wp\/v2\/media?parent=736709"}],"wp:term":[{"taxonomy":"category","embeddable":true,"href":"https:\/\/user-83991389-work.colibriwp.com\/comprardiplomaonline\/wp-json\/wp\/v2\/categories?post=736709"},{"taxonomy":"post_tag","embeddable":true,"href":"https:\/\/user-83991389-work.colibriwp.com\/comprardiplomaonline\/wp-json\/wp\/v2\/tags?post=736709"}],"curies":[{"name":"wp","href":"https:\/\/api.w.org\/{rel}","templated":true}]}}